{"id":688,"date":"2024-08-17T20:51:50","date_gmt":"2024-08-17T23:51:50","guid":{"rendered":"https:\/\/new.contandohistorias.com.br\/?p=688"},"modified":"2024-08-17T20:51:55","modified_gmt":"2024-08-17T23:51:55","slug":"a-nevasca","status":"publish","type":"post","link":"https:\/\/contandohistorias.com.br\/?p=688","title":{"rendered":"A Nevasca"},"content":{"rendered":"\n<p><em>Cris Lacerda<\/em><\/p>\n\n\n\n<figure class=\"wp-block-embed is-type-rich is-provider-incorporar-manipulador wp-block-embed-incorporar-manipulador\"><div class=\"wp-block-embed__wrapper\">\n<audio class=\"wp-audio-shortcode\" id=\"audio-688-1\" preload=\"none\" style=\"width: 100%;\" controls=\"controls\"><source type=\"audio\/mpeg\" src=\"https:\/\/www.contandohistorias.com.br\/mp3\/2004486.mp3?_=1\" \/><a href=\"https:\/\/www.contandohistorias.com.br\/mp3\/2004486.mp3\">https:\/\/www.contandohistorias.com.br\/mp3\/2004486.mp3<\/a><\/audio>\n<\/div><\/figure>\n\n\n\n<p>Uma nevasca estava a caminho e os habitantes de um certo lugar procuram recolher-se ao abrigo de seus lares, quando de dentro da janela um homem v\u00ea uma roseira carregada de bot\u00f5es.<\/p>\n\n\n\n<p>Ele, intrigado, decide-se ter com ela.<\/p>\n\n\n\n<p>Diz-lhe: &#8211; Sua insana, n\u00e3o percebeu que estamos em pleno inverno?<\/p>\n\n\n\n<p>Ela, humildemente responde:<\/p>\n\n\n\n<p>\u2014 Que culpa tenho se dentro de mim \u00e9 sempre primavera?<\/p>\n","protected":false},"excerpt":{"rendered":"<p>Cris Lacerda Uma nevasca estava a caminho e os habitantes de um certo lugar procuram recolher-se ao abrigo de seus lares, quando de dentro da janela um homem v\u00ea uma roseira carregada de bot\u00f5es. Ele, intrigado, decide-se ter com ela. Diz-lhe: &#8211; Sua insana, n\u00e3o percebeu que estamos em pleno inverno? Ela, humildemente responde: \u2014 [&hellip;]<\/p>\n","protected":false},"author":1,"featured_media":0,"comment_status":"open","ping_status":"open","sticky":false,"template":"","format":"standard","meta":{"_uag_custom_page_level_css":"","footnotes":""},"categories":[4],"tags":[],"class_list":["post-688","post","type-post","status-publish","format-standard","hentry","category-historias","post-preview"],"uagb_featured_image_src":{"full":false,"thumbnail":false,"medium":false,"medium_large":false,"large":false,"1536x1536":false,"2048x2048":false,"post-image":false},"uagb_author_info":{"display_name":"Rubens","author_link":"https:\/\/contandohistorias.com.br\/?author=1"},"uagb_comment_info":0,"uagb_excerpt":"Cris Lacerda Uma nevasca estava a caminho e os habitantes de um certo lugar procuram recolher-se ao abrigo de seus lares, quando de dentro da janela um homem v\u00ea uma roseira carregada de bot\u00f5es. Ele, intrigado, decide-se ter com ela. Diz-lhe: &#8211; Sua insana, n\u00e3o percebeu que estamos em pleno inverno? Ela, humildemente responde: \u2014&hellip;","_links":{"self":[{"href":"https:\/\/contandohistorias.com.br\/index.php?rest_route=\/wp\/v2\/posts\/688","targetHints":{"allow":["GET"]}}],"collection":[{"href":"https:\/\/contandohistorias.com.br\/index.php?rest_route=\/wp\/v2\/posts"}],"about":[{"href":"https:\/\/contandohistorias.com.br\/index.php?rest_route=\/wp\/v2\/types\/post"}],"author":[{"embeddable":true,"href":"https:\/\/contandohistorias.com.br\/index.php?rest_route=\/wp\/v2\/users\/1"}],"replies":[{"embeddable":true,"href":"https:\/\/contandohistorias.com.br\/index.php?rest_route=%2Fwp%2Fv2%2Fcomments&post=688"}],"version-history":[{"count":1,"href":"https:\/\/contandohistorias.com.br\/index.php?rest_route=\/wp\/v2\/posts\/688\/revisions"}],"predecessor-version":[{"id":689,"href":"https:\/\/contandohistorias.com.br\/index.php?rest_route=\/wp\/v2\/posts\/688\/revisions\/689"}],"wp:attachment":[{"href":"https:\/\/contandohistorias.com.br\/index.php?rest_route=%2Fwp%2Fv2%2Fmedia&parent=688"}],"wp:term":[{"taxonomy":"category","embeddable":true,"href":"https:\/\/contandohistorias.com.br\/index.php?rest_route=%2Fwp%2Fv2%2Fcategories&post=688"},{"taxonomy":"post_tag","embeddable":true,"href":"https:\/\/contandohistorias.com.br\/index.php?rest_route=%2Fwp%2Fv2%2Ftags&post=688"}],"curies":[{"name":"wp","href":"https:\/\/api.w.org\/{rel}","templated":true}]}}