{"id":74,"date":"2024-08-08T23:03:14","date_gmt":"2024-08-09T02:03:14","guid":{"rendered":"https:\/\/new.contandohistorias.com.br\/?p=74"},"modified":"2024-08-09T11:56:35","modified_gmt":"2024-08-09T14:56:35","slug":"a-mala-de-viagem","status":"publish","type":"post","link":"https:\/\/contandohistorias.com.br\/?p=74","title":{"rendered":"A Mala de Viagem"},"content":{"rendered":"\n<figure class=\"wp-block-embed is-type-rich is-provider-incorporar-manipulador wp-block-embed-incorporar-manipulador\"><div class=\"wp-block-embed__wrapper\">\n<audio class=\"wp-audio-shortcode\" id=\"audio-74-1\" preload=\"none\" style=\"width: 100%;\" controls=\"controls\"><source type=\"audio\/mpeg\" src=\"https:\/\/www.contandohistorias.com.br\/mp3\/2006143.mp3?_=1\" \/><a href=\"https:\/\/www.contandohistorias.com.br\/mp3\/2006143.mp3\">https:\/\/www.contandohistorias.com.br\/mp3\/2006143.mp3<\/a><\/audio>\n<\/div><\/figure>\n\n\n\n<p>Conta-se uma f\u00e1bula sobre um homem que caminhava vacilante pela estrada, levando uma pedra numa m\u00e3o e um tijolo na outra.<\/p>\n\n\n\n<p>Nas costas carregava um saco de terra; em volta do peito trazia vinhas penduradas.<\/p>\n\n\n\n<p>Sobre a cabe\u00e7a equilibrava uma ab\u00f3bora pesada.<\/p>\n\n\n\n<p>Pelo caminho encontrou um transeunte que lhe perguntou :<\/p>\n\n\n\n<p>\u2014 Cansado viajante, por que carrega essa pedra t\u00e3o grande ?<\/p>\n\n\n\n<p>\u2014 \u00c9 estranho, respondeu o viajante, mas eu nunca tinha realmente notado que a carregava.<\/p>\n\n\n\n<p>Ent\u00e3o, ele jogou a pedra fora e se sentiu muito melhor.<\/p>\n\n\n\n<p>Em seguida veio outro transeunte que lhe perguntou :<\/p>\n\n\n\n<p>\u2014 Diga-me, cansado viajante, por que carrega essa ab\u00f3bora t\u00e3o pesada ?<\/p>\n\n\n\n<p>\u2014 Estou contente que me tenha feito essa pergunta, disse o viajante, porque eu n\u00e3o tinha percebido o que estava fazendo comigo mesmo.<\/p>\n\n\n\n<p>Ent\u00e3o ele jogou a ab\u00f3bora fora e continuou seu caminho com passos muito mais leves.<\/p>\n\n\n\n<p>Um por um, os transeuntes foram avisando-o a respeito de suas cargas desnecess\u00e1rias.<\/p>\n\n\n\n<p>E ele foi abandonando uma a uma. Por fim, tornou-se um homem livre e caminhou como tal.<\/p>\n\n\n\n<p>Qual era na verdade o problema dele ? A pedra e a ab\u00f3bora ?<\/p>\n\n\n\n<p>N\u00e3o.<\/p>\n\n\n\n<p>Era a falta de consci\u00eancia da exist\u00eancia delas.<\/p>\n\n\n\n<p>Uma vez que as viu como cargas desnecess\u00e1rias, livrou-se delas bem depressa e j\u00e1 n\u00e3o se sentia mais t\u00e3o cansado.<\/p>\n\n\n\n<p>Esse \u00e9 o problema de muitas pessoas. Elas est\u00e3o carregando cargas sem perceber.<\/p>\n\n\n\n<p>N\u00e3o \u00e9 de se estranhar que estejam t\u00e3o cansadas !<\/p>\n\n\n\n<p>O que s\u00e3o algumas dessas cargas que pesam na mente de um homem e que roubam as suas energias ?<\/p>\n\n\n\n<p>a. Pensamentos negativos.<\/p>\n\n\n\n<p>b. Culpar e acusar outras pessoas.<\/p>\n\n\n\n<p>c. Pemitir que impress\u00f5es tenebrosas descansem na mente.<\/p>\n\n\n\n<p>d. Carregar uma falsa carga de culpa por coisas que n\u00e3o poderiam ter evitado.<\/p>\n\n\n\n<p>e. Auto-piedade.<\/p>\n\n\n\n<p>f. Acreditar que n\u00e3o existe sa\u00edda.<\/p>\n\n\n\n<p>Todo mundo tem o seu tipo de carga especial, que rouba energia.<\/p>\n\n\n\n<p>Quanto mais cedo come\u00e7armos a descarreg\u00e1-la, mais cedo nos sentiremos melhor e caminharemos mais levemente.<\/p>\n\n\n\n<p><em>Colabora\u00e7\u00e3o: Renato Antunes Oliveira<\/em><\/p>\n","protected":false},"excerpt":{"rendered":"<p>Conta-se uma f\u00e1bula sobre um homem que caminhava vacilante pela estrada, levando uma pedra numa m\u00e3o e um tijolo na outra. Nas costas carregava um saco de terra; em volta do peito trazia vinhas penduradas. Sobre a cabe\u00e7a equilibrava uma ab\u00f3bora pesada. Pelo caminho encontrou um transeunte que lhe perguntou : \u2014 Cansado viajante, por [&hellip;]<\/p>\n","protected":false},"author":1,"featured_media":0,"comment_status":"open","ping_status":"open","sticky":false,"template":"","format":"standard","meta":{"_uag_custom_page_level_css":"","footnotes":""},"categories":[4],"tags":[],"class_list":["post-74","post","type-post","status-publish","format-standard","hentry","category-historias","post-preview"],"uagb_featured_image_src":{"full":false,"thumbnail":false,"medium":false,"medium_large":false,"large":false,"1536x1536":false,"2048x2048":false,"post-image":false},"uagb_author_info":{"display_name":"Rubens","author_link":"https:\/\/contandohistorias.com.br\/?author=1"},"uagb_comment_info":0,"uagb_excerpt":"Conta-se uma f\u00e1bula sobre um homem que caminhava vacilante pela estrada, levando uma pedra numa m\u00e3o e um tijolo na outra. Nas costas carregava um saco de terra; em volta do peito trazia vinhas penduradas. Sobre a cabe\u00e7a equilibrava uma ab\u00f3bora pesada. Pelo caminho encontrou um transeunte que lhe perguntou : \u2014 Cansado viajante, por&hellip;","_links":{"self":[{"href":"https:\/\/contandohistorias.com.br\/index.php?rest_route=\/wp\/v2\/posts\/74","targetHints":{"allow":["GET"]}}],"collection":[{"href":"https:\/\/contandohistorias.com.br\/index.php?rest_route=\/wp\/v2\/posts"}],"about":[{"href":"https:\/\/contandohistorias.com.br\/index.php?rest_route=\/wp\/v2\/types\/post"}],"author":[{"embeddable":true,"href":"https:\/\/contandohistorias.com.br\/index.php?rest_route=\/wp\/v2\/users\/1"}],"replies":[{"embeddable":true,"href":"https:\/\/contandohistorias.com.br\/index.php?rest_route=%2Fwp%2Fv2%2Fcomments&post=74"}],"version-history":[{"count":1,"href":"https:\/\/contandohistorias.com.br\/index.php?rest_route=\/wp\/v2\/posts\/74\/revisions"}],"predecessor-version":[{"id":75,"href":"https:\/\/contandohistorias.com.br\/index.php?rest_route=\/wp\/v2\/posts\/74\/revisions\/75"}],"wp:attachment":[{"href":"https:\/\/contandohistorias.com.br\/index.php?rest_route=%2Fwp%2Fv2%2Fmedia&parent=74"}],"wp:term":[{"taxonomy":"category","embeddable":true,"href":"https:\/\/contandohistorias.com.br\/index.php?rest_route=%2Fwp%2Fv2%2Fcategories&post=74"},{"taxonomy":"post_tag","embeddable":true,"href":"https:\/\/contandohistorias.com.br\/index.php?rest_route=%2Fwp%2Fv2%2Ftags&post=74"}],"curies":[{"name":"wp","href":"https:\/\/api.w.org\/{rel}","templated":true}]}}