{"id":794,"date":"2024-08-20T22:14:25","date_gmt":"2024-08-21T01:14:25","guid":{"rendered":"https:\/\/new.contandohistorias.com.br\/?p=794"},"modified":"2024-08-20T22:14:30","modified_gmt":"2024-08-21T01:14:30","slug":"aula-de-direito","status":"publish","type":"post","link":"https:\/\/contandohistorias.com.br\/?p=794","title":{"rendered":"Aula de direito"},"content":{"rendered":"\n<figure class=\"wp-block-embed is-type-rich is-provider-incorporar-manipulador wp-block-embed-incorporar-manipulador\"><div class=\"wp-block-embed__wrapper\">\n<audio class=\"wp-audio-shortcode\" id=\"audio-794-1\" preload=\"none\" style=\"width: 100%;\" controls=\"controls\"><source type=\"audio\/mpeg\" src=\"https:\/\/www.contandohistorias.com.br\/mp3\/2006616.mp3?_=1\" \/><a href=\"https:\/\/www.contandohistorias.com.br\/mp3\/2006616.mp3\">https:\/\/www.contandohistorias.com.br\/mp3\/2006616.mp3<\/a><\/audio>\n<\/div><\/figure>\n\n\n\n<p>Uma manh\u00e3, quando nosso novo professor de &#8220;Introdu\u00e7\u00e3o ao Direito&#8221; entrou na sala, a primeira coisa que fez foi perguntar o nome a um aluno que estava sentado na primeira fila:<\/p>\n\n\n\n<p>\u2014 Como te chamas?<\/p>\n\n\n\n<p>\u2014 Chamo-me Juan, senhor.<\/p>\n\n\n\n<p>\u2014 Saia de minha aula e n\u00e3o quero que voltes nunca mais! &#8211; gritou o desagrad\u00e1vel professor.<\/p>\n\n\n\n<p>Juan estava desconcertado.<\/p>\n\n\n\n<p>Quando voltou a si, levantou-se rapidamente, recolheu suas coisas e saiu da sala. Todos estavam assustados e indignados, por\u00e9m, ningu\u00e9m falou nada.<\/p>\n\n\n\n<p>\u2014 Agora sim! &#8211; e perguntou o professor &#8211; para que servem as leis?&#8230;<\/p>\n\n\n\n<p>Segu\u00edamos assustados, por\u00e9m, pouco a pouco come\u00e7amos a responder \u00e0 sua pergunta:<\/p>\n\n\n\n<p>\u2014 Para que haja uma ordem em nossa sociedade.<\/p>\n\n\n\n<p>\u2014 N\u00e3o! &#8211; respondia o professor.<\/p>\n\n\n\n<p>\u2014 Para cumpri-las.<\/p>\n\n\n\n<p>\u2014 N\u00e3o!<\/p>\n\n\n\n<p>\u2014 Para que as pessoas erradas paguem por seus atos.<\/p>\n\n\n\n<p>\u2014 N\u00e3o!!<\/p>\n\n\n\n<p>\u2014 Ser\u00e1 que ningu\u00e9m sabe responder a esta pergunta?!<\/p>\n\n\n\n<p>\u2014 Para que haja justi\u00e7a &#8211; falou timidamente uma garota.<\/p>\n\n\n\n<p>\u2014 At\u00e9 que enfim! \u00c9 isso&#8230; para que haja justi\u00e7a. E agora, para que serve a justi\u00e7a?<\/p>\n\n\n\n<p>Todos come\u00e7avam a ficar incomodados pela atitude t\u00e3o grosseira. Por\u00e9m, segu\u00edamos respondendo:<\/p>\n\n\n\n<p>\u2014 Para salvaguardar os direitos humanos&#8230;<\/p>\n\n\n\n<p>\u2014 Bem, que mais? &#8211; perguntava o professor.<\/p>\n\n\n\n<p>\u2014 Para diferen\u00e7ar o certo do errado&#8230;<\/p>\n\n\n\n<p>\u2014 Para premiar a quem faz o bem&#8230;<\/p>\n\n\n\n<p>\u2014 Ok, n\u00e3o est\u00e1 mal, por\u00e9m&#8230; respondam a esta pergunta: agi corretamente ao expulsar Juan da sala de aula?&#8230;<\/p>\n\n\n\n<p>Todos ficaram calados, ningu\u00e9m respondia.<\/p>\n\n\n\n<p>\u2014 Quero uma resposta decidida e un\u00e2nime!<\/p>\n\n\n\n<p>\u2014 N\u00e3o!! &#8211; respondemos todos a uma s\u00f3 voz.<\/p>\n\n\n\n<p>\u2014 Poderia dizer-se que cometi uma injusti\u00e7a?<\/p>\n\n\n\n<p>\u2014 Sim!!!<\/p>\n\n\n\n<p>\u2014 E por que ningu\u00e9m fez nada a respeito? Para que queremos leis e regras se n\u00e3o dispomos da vontade necess\u00e1ria para pratic\u00e1-las?<\/p>\n\n\n\n<p>\u2014&nbsp;<strong>Cada um de voc\u00eas tem a obriga\u00e7\u00e3o de reclamar quando presenciar uma injusti\u00e7a. Todos! N\u00e3o voltem a ficar calados, nunca mais!<\/strong><\/p>\n\n\n\n<p>\u2014 V\u00e1 buscar o Juan &#8211; disse, olhando-me fixamente.<\/p>\n\n\n\n<p>Naquele dia recebi a li\u00e7\u00e3o mais pr\u00e1tica no meu curso de Direito.<\/p>\n\n\n\n<p><strong>Quando n\u00e3o defendemos nossos direitos perdemos a dignidade e a dignidade n\u00e3o se negocia.<\/strong><\/p>\n","protected":false},"excerpt":{"rendered":"<p>Uma manh\u00e3, quando nosso novo professor de &#8220;Introdu\u00e7\u00e3o ao Direito&#8221; entrou na sala, a primeira coisa que fez foi perguntar o nome a um aluno que estava sentado na primeira fila: \u2014 Como te chamas? \u2014 Chamo-me Juan, senhor. \u2014 Saia de minha aula e n\u00e3o quero que voltes nunca mais! &#8211; gritou o desagrad\u00e1vel [&hellip;]<\/p>\n","protected":false},"author":1,"featured_media":0,"comment_status":"open","ping_status":"open","sticky":false,"template":"","format":"standard","meta":{"_uag_custom_page_level_css":"","footnotes":""},"categories":[4],"tags":[],"class_list":["post-794","post","type-post","status-publish","format-standard","hentry","category-historias","post-preview"],"uagb_featured_image_src":{"full":false,"thumbnail":false,"medium":false,"medium_large":false,"large":false,"1536x1536":false,"2048x2048":false,"post-image":false},"uagb_author_info":{"display_name":"Rubens","author_link":"https:\/\/contandohistorias.com.br\/?author=1"},"uagb_comment_info":0,"uagb_excerpt":"Uma manh\u00e3, quando nosso novo professor de &#8220;Introdu\u00e7\u00e3o ao Direito&#8221; entrou na sala, a primeira coisa que fez foi perguntar o nome a um aluno que estava sentado na primeira fila: \u2014 Como te chamas? \u2014 Chamo-me Juan, senhor. \u2014 Saia de minha aula e n\u00e3o quero que voltes nunca mais! &#8211; gritou o desagrad\u00e1vel&hellip;","_links":{"self":[{"href":"https:\/\/contandohistorias.com.br\/index.php?rest_route=\/wp\/v2\/posts\/794","targetHints":{"allow":["GET"]}}],"collection":[{"href":"https:\/\/contandohistorias.com.br\/index.php?rest_route=\/wp\/v2\/posts"}],"about":[{"href":"https:\/\/contandohistorias.com.br\/index.php?rest_route=\/wp\/v2\/types\/post"}],"author":[{"embeddable":true,"href":"https:\/\/contandohistorias.com.br\/index.php?rest_route=\/wp\/v2\/users\/1"}],"replies":[{"embeddable":true,"href":"https:\/\/contandohistorias.com.br\/index.php?rest_route=%2Fwp%2Fv2%2Fcomments&post=794"}],"version-history":[{"count":1,"href":"https:\/\/contandohistorias.com.br\/index.php?rest_route=\/wp\/v2\/posts\/794\/revisions"}],"predecessor-version":[{"id":795,"href":"https:\/\/contandohistorias.com.br\/index.php?rest_route=\/wp\/v2\/posts\/794\/revisions\/795"}],"wp:attachment":[{"href":"https:\/\/contandohistorias.com.br\/index.php?rest_route=%2Fwp%2Fv2%2Fmedia&parent=794"}],"wp:term":[{"taxonomy":"category","embeddable":true,"href":"https:\/\/contandohistorias.com.br\/index.php?rest_route=%2Fwp%2Fv2%2Fcategories&post=794"},{"taxonomy":"post_tag","embeddable":true,"href":"https:\/\/contandohistorias.com.br\/index.php?rest_route=%2Fwp%2Fv2%2Ftags&post=794"}],"curies":[{"name":"wp","href":"https:\/\/api.w.org\/{rel}","templated":true}]}}