{"id":800,"date":"2024-08-20T22:17:30","date_gmt":"2024-08-21T01:17:30","guid":{"rendered":"https:\/\/new.contandohistorias.com.br\/?p=800"},"modified":"2024-08-20T22:17:34","modified_gmt":"2024-08-21T01:17:34","slug":"a-unica-certeza-em-nossa-vida-e-a-necessidade-da-mudanca","status":"publish","type":"post","link":"https:\/\/contandohistorias.com.br\/?p=800","title":{"rendered":"A \u00fanica certeza em nossa vida, \u00e9 a necessidade da mudan\u00e7a!"},"content":{"rendered":"\n<figure class=\"wp-block-embed is-type-rich is-provider-incorporar-manipulador wp-block-embed-incorporar-manipulador\"><div class=\"wp-block-embed__wrapper\">\n<audio class=\"wp-audio-shortcode\" id=\"audio-800-1\" preload=\"none\" style=\"width: 100%;\" controls=\"controls\"><source type=\"audio\/mpeg\" src=\"https:\/\/www.contandohistorias.com.br\/mp3\/2006663.mp3?_=1\" \/><a href=\"https:\/\/www.contandohistorias.com.br\/mp3\/2006663.mp3\">https:\/\/www.contandohistorias.com.br\/mp3\/2006663.mp3<\/a><\/audio>\n<\/div><\/figure>\n\n\n\n<p>Sempre teremos desafios a encarar e mudan\u00e7as sendo cobradas em nossas vidas. Cabe a n\u00f3s aceit\u00e1-las. O desafio \u00e9 nos mantermos em tempo integral voltados para a dire\u00e7\u00e3o certa de nossos alvos. Conscientes que nem sempre as coisas ser\u00e3o f\u00e1ceis, mas \u00e9 justamente neste per\u00edodo de lutas \u00e9 que vamos entender mais claramente quem n\u00f3s somos.<\/p>\n\n\n\n<p>E nesta trajet\u00f3ria \u00e9 que vamos vendo a nossa transforma\u00e7\u00e3o, passo a passo, na pessoa que sempre quisemos ser. Nossa vida \u00e9 uma jornada atrav\u00e9s dos tempos, e o que far\u00e1 a diferen\u00e7a \u00e9 o tipo de escolhas que fazemos. Na vida duas coisas nunca poderemos fugir. Uma \u00e9 a morte, evidentemente, a outra s\u00e3o as escolhas. Desde que acordamos at\u00e9 a hora de dormir, nossa vida \u00e9 o resultado de nossas escolhas.<\/p>\n\n\n\n<p>Estas escolhas se transformar\u00e3o em experi\u00eancias, e estas experi\u00eancias moldar\u00e3o nosso espirito. Por isso, quando vierem as decep\u00e7\u00f5es e frustra\u00e7\u00f5es, ou quando o fardo estiver pesado, \u00e9 hora de acreditar em si mesmo, pois Deus n\u00e3o coloca fardo mais pesado do que os nossos ombros podem carregar. Mas lembre-se de ser flex\u00edvel, pois nem tudo ser\u00e1 como queremos que seja.<\/p>\n\n\n\n<p>Bendiga os desafios e as mudan\u00e7as, pois eles ajudar\u00e3o a encontrarmos os sonhos que cabe a n\u00f3s realizarmos!<\/p>\n\n\n\n<p><strong><em>Colabora\u00e7\u00e3o: L\u00facia Maria Malta<\/em><\/strong><\/p>\n","protected":false},"excerpt":{"rendered":"<p>Sempre teremos desafios a encarar e mudan\u00e7as sendo cobradas em nossas vidas. Cabe a n\u00f3s aceit\u00e1-las. O desafio \u00e9 nos mantermos em tempo integral voltados para a dire\u00e7\u00e3o certa de nossos alvos. Conscientes que nem sempre as coisas ser\u00e3o f\u00e1ceis, mas \u00e9 justamente neste per\u00edodo de lutas \u00e9 que vamos entender mais claramente quem n\u00f3s [&hellip;]<\/p>\n","protected":false},"author":1,"featured_media":0,"comment_status":"open","ping_status":"open","sticky":false,"template":"","format":"standard","meta":{"_uag_custom_page_level_css":"","footnotes":""},"categories":[4],"tags":[],"class_list":["post-800","post","type-post","status-publish","format-standard","hentry","category-historias","post-preview"],"uagb_featured_image_src":{"full":false,"thumbnail":false,"medium":false,"medium_large":false,"large":false,"1536x1536":false,"2048x2048":false,"post-image":false},"uagb_author_info":{"display_name":"Rubens","author_link":"https:\/\/contandohistorias.com.br\/?author=1"},"uagb_comment_info":0,"uagb_excerpt":"Sempre teremos desafios a encarar e mudan\u00e7as sendo cobradas em nossas vidas. Cabe a n\u00f3s aceit\u00e1-las. O desafio \u00e9 nos mantermos em tempo integral voltados para a dire\u00e7\u00e3o certa de nossos alvos. Conscientes que nem sempre as coisas ser\u00e3o f\u00e1ceis, mas \u00e9 justamente neste per\u00edodo de lutas \u00e9 que vamos entender mais claramente quem n\u00f3s&hellip;","_links":{"self":[{"href":"https:\/\/contandohistorias.com.br\/index.php?rest_route=\/wp\/v2\/posts\/800","targetHints":{"allow":["GET"]}}],"collection":[{"href":"https:\/\/contandohistorias.com.br\/index.php?rest_route=\/wp\/v2\/posts"}],"about":[{"href":"https:\/\/contandohistorias.com.br\/index.php?rest_route=\/wp\/v2\/types\/post"}],"author":[{"embeddable":true,"href":"https:\/\/contandohistorias.com.br\/index.php?rest_route=\/wp\/v2\/users\/1"}],"replies":[{"embeddable":true,"href":"https:\/\/contandohistorias.com.br\/index.php?rest_route=%2Fwp%2Fv2%2Fcomments&post=800"}],"version-history":[{"count":1,"href":"https:\/\/contandohistorias.com.br\/index.php?rest_route=\/wp\/v2\/posts\/800\/revisions"}],"predecessor-version":[{"id":801,"href":"https:\/\/contandohistorias.com.br\/index.php?rest_route=\/wp\/v2\/posts\/800\/revisions\/801"}],"wp:attachment":[{"href":"https:\/\/contandohistorias.com.br\/index.php?rest_route=%2Fwp%2Fv2%2Fmedia&parent=800"}],"wp:term":[{"taxonomy":"category","embeddable":true,"href":"https:\/\/contandohistorias.com.br\/index.php?rest_route=%2Fwp%2Fv2%2Fcategories&post=800"},{"taxonomy":"post_tag","embeddable":true,"href":"https:\/\/contandohistorias.com.br\/index.php?rest_route=%2Fwp%2Fv2%2Ftags&post=800"}],"curies":[{"name":"wp","href":"https:\/\/api.w.org\/{rel}","templated":true}]}}