{"id":829,"date":"2024-08-21T22:06:51","date_gmt":"2024-08-22T01:06:51","guid":{"rendered":"https:\/\/new.contandohistorias.com.br\/?p=829"},"modified":"2024-08-21T22:06:53","modified_gmt":"2024-08-22T01:06:53","slug":"a-vida-e-um-dever","status":"publish","type":"post","link":"https:\/\/contandohistorias.com.br\/?p=829","title":{"rendered":"A vida \u00e9 um dever"},"content":{"rendered":"\n<p><em>M\u00e1rio Quintana<\/em><\/p>\n\n\n\n<figure class=\"wp-block-embed is-type-rich is-provider-incorporar-manipulador wp-block-embed-incorporar-manipulador\"><div class=\"wp-block-embed__wrapper\">\n<audio class=\"wp-audio-shortcode\" id=\"audio-829-1\" preload=\"none\" style=\"width: 100%;\" controls=\"controls\"><source type=\"audio\/mpeg\" src=\"https:\/\/www.contandohistorias.com.br\/mp3\/2004318.mp3?_=1\" \/><a href=\"https:\/\/www.contandohistorias.com.br\/mp3\/2004318.mp3\">https:\/\/www.contandohistorias.com.br\/mp3\/2004318.mp3<\/a><\/audio>\n<\/div><\/figure>\n\n\n\n<p>A vida \u00e9 um dever que n\u00f3s trouxemos para fazer em casa.<\/p>\n\n\n\n<p>Quando se v\u00ea, j\u00e1 s\u00e3o seis horas.<\/p>\n\n\n\n<p>Quando se v\u00ea, j\u00e1 \u00e9 sexta-feira.<\/p>\n\n\n\n<p>Quando se v\u00ea, j\u00e1 terminou o ano.<\/p>\n\n\n\n<p>Quando se v\u00ea, passaram 50 anos!<\/p>\n\n\n\n<p>Agora \u00e9 tarde demais para ser reprovado&#8230;<\/p>\n\n\n\n<p>Se me fosse dado, um dia, outra oportunidade, eu nem olhava o rel\u00f3gio.<\/p>\n\n\n\n<p>Seguiria sempre em frente e iria jogando, pelo caminho, a casca dourada e in\u00fatil das horas&#8230;<\/p>\n\n\n\n<p>Dessa forma, eu digo: &#8220;N\u00e3o deixe de fazer algo que gosta devido \u00e0 falta de tempo. A \u00fanica falta que ter\u00e1, ser\u00e1 desse tempo que infelizmente n\u00e3o voltar\u00e1 mais&#8221;.<\/p>\n","protected":false},"excerpt":{"rendered":"<p>M\u00e1rio Quintana A vida \u00e9 um dever que n\u00f3s trouxemos para fazer em casa. Quando se v\u00ea, j\u00e1 s\u00e3o seis horas. Quando se v\u00ea, j\u00e1 \u00e9 sexta-feira. Quando se v\u00ea, j\u00e1 terminou o ano. Quando se v\u00ea, passaram 50 anos! Agora \u00e9 tarde demais para ser reprovado&#8230; Se me fosse dado, um dia, outra oportunidade, [&hellip;]<\/p>\n","protected":false},"author":1,"featured_media":0,"comment_status":"open","ping_status":"open","sticky":false,"template":"","format":"standard","meta":{"_uag_custom_page_level_css":"","footnotes":""},"categories":[4],"tags":[],"class_list":["post-829","post","type-post","status-publish","format-standard","hentry","category-historias","post-preview"],"uagb_featured_image_src":{"full":false,"thumbnail":false,"medium":false,"medium_large":false,"large":false,"1536x1536":false,"2048x2048":false,"post-image":false},"uagb_author_info":{"display_name":"Rubens","author_link":"https:\/\/contandohistorias.com.br\/?author=1"},"uagb_comment_info":0,"uagb_excerpt":"M\u00e1rio Quintana A vida \u00e9 um dever que n\u00f3s trouxemos para fazer em casa. Quando se v\u00ea, j\u00e1 s\u00e3o seis horas. Quando se v\u00ea, j\u00e1 \u00e9 sexta-feira. Quando se v\u00ea, j\u00e1 terminou o ano. Quando se v\u00ea, passaram 50 anos! Agora \u00e9 tarde demais para ser reprovado&#8230; Se me fosse dado, um dia, outra oportunidade,&hellip;","_links":{"self":[{"href":"https:\/\/contandohistorias.com.br\/index.php?rest_route=\/wp\/v2\/posts\/829","targetHints":{"allow":["GET"]}}],"collection":[{"href":"https:\/\/contandohistorias.com.br\/index.php?rest_route=\/wp\/v2\/posts"}],"about":[{"href":"https:\/\/contandohistorias.com.br\/index.php?rest_route=\/wp\/v2\/types\/post"}],"author":[{"embeddable":true,"href":"https:\/\/contandohistorias.com.br\/index.php?rest_route=\/wp\/v2\/users\/1"}],"replies":[{"embeddable":true,"href":"https:\/\/contandohistorias.com.br\/index.php?rest_route=%2Fwp%2Fv2%2Fcomments&post=829"}],"version-history":[{"count":1,"href":"https:\/\/contandohistorias.com.br\/index.php?rest_route=\/wp\/v2\/posts\/829\/revisions"}],"predecessor-version":[{"id":830,"href":"https:\/\/contandohistorias.com.br\/index.php?rest_route=\/wp\/v2\/posts\/829\/revisions\/830"}],"wp:attachment":[{"href":"https:\/\/contandohistorias.com.br\/index.php?rest_route=%2Fwp%2Fv2%2Fmedia&parent=829"}],"wp:term":[{"taxonomy":"category","embeddable":true,"href":"https:\/\/contandohistorias.com.br\/index.php?rest_route=%2Fwp%2Fv2%2Fcategories&post=829"},{"taxonomy":"post_tag","embeddable":true,"href":"https:\/\/contandohistorias.com.br\/index.php?rest_route=%2Fwp%2Fv2%2Ftags&post=829"}],"curies":[{"name":"wp","href":"https:\/\/api.w.org\/{rel}","templated":true}]}}