{"id":840,"date":"2024-08-21T22:11:01","date_gmt":"2024-08-22T01:11:01","guid":{"rendered":"https:\/\/new.contandohistorias.com.br\/?p=840"},"modified":"2024-08-21T22:11:04","modified_gmt":"2024-08-22T01:11:04","slug":"belos-pensamentos","status":"publish","type":"post","link":"https:\/\/contandohistorias.com.br\/?p=840","title":{"rendered":"Belos Pensamentos"},"content":{"rendered":"\n<p>&#8220;Chegar\u00e1 o dia em que, depois de utilizar o espa\u00e7o, os ventos, as mar\u00e9s e a gravidade, o homem vai implorar a Deus para utilizar a energia do amor.<\/p>\n\n\n\n<p>E nesse dia, pela segunda vez na hist\u00f3ria do mundo, teremos descoberto o fogo..&#8221;<\/p>\n\n\n\n<p><em>Teilhard de Chardin<\/em><\/p>\n\n\n\n<p>&#8220;Os obst\u00e1culos s\u00e3o aquelas coisas terr\u00edveis que voc\u00ea v\u00ea quando desvia os olhos do seu objetivo&#8230;&#8221;<\/p>\n\n\n\n<p><em>Henry Ford<\/em><\/p>\n\n\n\n<p>&#8220;As rugas deviam indicar apenas onde os sorrisos estiveram&#8230;&#8221;<\/p>\n\n\n\n<p><em>Mark Twain<\/em><\/p>\n\n\n\n<p>&#8220;Aquilo que voc\u00ea \u00e9, fala t\u00e3o alto que n\u00e3o posso ouvir o que voc\u00ea est\u00e1 dizendo&#8230;&#8221;<\/p>\n\n\n\n<p><em>Ralph Waldo Emerson<\/em><\/p>\n\n\n\n<p>&#8220;Experi\u00eancia n\u00e3o \u00e9 o que acontece a um homem. \u00c9 o que o homem faz com aquilo que lhe acontece&#8230;&#8221;<\/p>\n\n\n\n<p><em>Aldous Huxley<\/em><\/p>\n\n\n\n<p>&#8220;Eu sou apenas um, mas sou algu\u00e9m.<br>N\u00e3o posso fazer tudo, mas posso fazer alguma coisa.<br>Tenho o dever de fazer tudo o que posso e, com a ajuda de Deus serei capaz&#8230;<\/p>\n\n\n\n<p><em>Everett Hale<\/em><\/p>\n\n\n\n<p>&#8220;Estou agradecido.<br>Primeiro, porque nunca fui roubado antes.<br>Segundo, porque, apesar de terem levado minha carteira, eles n\u00e3o me tiraram a vida.<br>Terceiro, porque, apesar de terem me levado tudo, n\u00e3o perdi muita coisa.<br>E quarto, porque fui roubado e n\u00e3o fui eu que roubei&#8230;&#8221;<\/p>\n\n\n\n<p><em>Matthew Henry<\/em><\/p>\n\n\n\n<p>&#8220;Se a sua vis\u00e3o for para um ano, plante trigo.<br>Se a sua vis\u00e3o for para dez anos, plante \u00e1rvores.<br>Se a sua vis\u00e3o for para a vida inteira, plante pessoas&#8230;&#8221;<\/p>\n\n\n\n<p><em>Antigo Prov\u00e9rbio Chin\u00eas<\/em><\/p>\n\n\n\n<p>&#8220;Ele desenhou um c\u00edrculo e impediu a minha entrada.<br>Um herege, um rebelde, uma criatura desprez\u00edvel.<br>Mas o amor e eu tivemos habilidade para triunfar: desenhamos um c\u00edrculo e o convidamos para entrar&#8230;&#8221;<\/p>\n\n\n\n<p><em>Edwin Markban<\/em><\/p>\n\n\n\n<p>&#8220;O amor tem um ornamento em suas vestes, t\u00e3o longo que se arrasta pelo ch\u00e3o. Varre estradas, ruas e veredas, porque ele pode e deve, trabalhar com perfei\u00e7\u00e3o&#8230;&#8221;<\/p>\n\n\n\n<p><em>Madre Teresa<\/em><\/p>\n\n\n\n<p>&#8220;Nenhum sucesso na vida, como ser presidente de uma na\u00e7\u00e3o, ser rico, freq\u00fcentar a faculdade, escrever um livro ou qualquer outra coisa, \u00e9 capaz de sobrepujar o sucesso do homem que tem a sensa\u00e7\u00e3o de dever cumprido, e cujos filhos e netos se levantam e o chamam de aben\u00e7oado&#8230;&#8221;<\/p>\n\n\n\n<p><em>Theodore Roosevelt, 1917.<\/em><\/p>\n\n\n\n<p><em>Colabora\u00e7\u00e3o de Maria J. N. Silva<\/em><\/p>\n","protected":false},"excerpt":{"rendered":"<p>&#8220;Chegar\u00e1 o dia em que, depois de utilizar o espa\u00e7o, os ventos, as mar\u00e9s e a gravidade, o homem vai implorar a Deus para utilizar a energia do amor. E nesse dia, pela segunda vez na hist\u00f3ria do mundo, teremos descoberto o fogo..&#8221; Teilhard de Chardin &#8220;Os obst\u00e1culos s\u00e3o aquelas coisas terr\u00edveis que voc\u00ea v\u00ea [&hellip;]<\/p>\n","protected":false},"author":1,"featured_media":0,"comment_status":"open","ping_status":"open","sticky":false,"template":"","format":"standard","meta":{"_uag_custom_page_level_css":"","footnotes":""},"categories":[4],"tags":[],"class_list":["post-840","post","type-post","status-publish","format-standard","hentry","category-historias","post-preview"],"uagb_featured_image_src":{"full":false,"thumbnail":false,"medium":false,"medium_large":false,"large":false,"1536x1536":false,"2048x2048":false,"post-image":false},"uagb_author_info":{"display_name":"Rubens","author_link":"https:\/\/contandohistorias.com.br\/?author=1"},"uagb_comment_info":0,"uagb_excerpt":"&#8220;Chegar\u00e1 o dia em que, depois de utilizar o espa\u00e7o, os ventos, as mar\u00e9s e a gravidade, o homem vai implorar a Deus para utilizar a energia do amor. E nesse dia, pela segunda vez na hist\u00f3ria do mundo, teremos descoberto o fogo..&#8221; Teilhard de Chardin &#8220;Os obst\u00e1culos s\u00e3o aquelas coisas terr\u00edveis que voc\u00ea v\u00ea&hellip;","_links":{"self":[{"href":"https:\/\/contandohistorias.com.br\/index.php?rest_route=\/wp\/v2\/posts\/840","targetHints":{"allow":["GET"]}}],"collection":[{"href":"https:\/\/contandohistorias.com.br\/index.php?rest_route=\/wp\/v2\/posts"}],"about":[{"href":"https:\/\/contandohistorias.com.br\/index.php?rest_route=\/wp\/v2\/types\/post"}],"author":[{"embeddable":true,"href":"https:\/\/contandohistorias.com.br\/index.php?rest_route=\/wp\/v2\/users\/1"}],"replies":[{"embeddable":true,"href":"https:\/\/contandohistorias.com.br\/index.php?rest_route=%2Fwp%2Fv2%2Fcomments&post=840"}],"version-history":[{"count":1,"href":"https:\/\/contandohistorias.com.br\/index.php?rest_route=\/wp\/v2\/posts\/840\/revisions"}],"predecessor-version":[{"id":841,"href":"https:\/\/contandohistorias.com.br\/index.php?rest_route=\/wp\/v2\/posts\/840\/revisions\/841"}],"wp:attachment":[{"href":"https:\/\/contandohistorias.com.br\/index.php?rest_route=%2Fwp%2Fv2%2Fmedia&parent=840"}],"wp:term":[{"taxonomy":"category","embeddable":true,"href":"https:\/\/contandohistorias.com.br\/index.php?rest_route=%2Fwp%2Fv2%2Fcategories&post=840"},{"taxonomy":"post_tag","embeddable":true,"href":"https:\/\/contandohistorias.com.br\/index.php?rest_route=%2Fwp%2Fv2%2Ftags&post=840"}],"curies":[{"name":"wp","href":"https:\/\/api.w.org\/{rel}","templated":true}]}}