{"id":982,"date":"2024-09-02T12:46:02","date_gmt":"2024-09-02T15:46:02","guid":{"rendered":"https:\/\/new.contandohistorias.com.br\/?p=982"},"modified":"2024-09-02T12:46:09","modified_gmt":"2024-09-02T15:46:09","slug":"da-um-abraco","status":"publish","type":"post","link":"https:\/\/contandohistorias.com.br\/?p=982","title":{"rendered":"D\u00e1 um abra\u00e7o?"},"content":{"rendered":"\n<p><em>TrovadorPR<\/em><\/p>\n\n\n\n<figure class=\"wp-block-embed is-type-rich is-provider-incorporar-manipulador wp-block-embed-incorporar-manipulador\"><div class=\"wp-block-embed__wrapper\">\n<audio class=\"wp-audio-shortcode\" id=\"audio-982-1\" preload=\"none\" style=\"width: 100%;\" controls=\"controls\"><source type=\"audio\/mpeg\" src=\"https:\/\/www.contandohistorias.com.br\/mp3\/2006283.mp3?_=1\" \/><a href=\"https:\/\/www.contandohistorias.com.br\/mp3\/2006283.mp3\">https:\/\/www.contandohistorias.com.br\/mp3\/2006283.mp3<\/a><\/audio>\n<\/div><\/figure>\n\n\n\n<p>De repente , deu vontade de um abra\u00e7o&#8230;<br>Uma vontade de entrela\u00e7o, de proximidade &#8230; de amizade, sei l\u00e1 !<br>Talvez um aconchego amigo e meigo, que enfatize a vida e amenize as dores &#8230; que fale sobre<br>os amores, seja afetuoso e ao mesmo tempo forte &#8230;<br>Deu vontade , de poder ter saudade de um abra\u00e7o.<br>Um abra\u00e7o que eternize o tempo e preencha todo o espa\u00e7o.<\/p>\n\n\n\n<p>Mas que fa\u00e7a lembrar do carinho, que surge devagarinho, na magia da uni\u00e3o dos corpos, das auras, sei l\u00e1!<br>Lembrar do calor das m\u00e3os, acariciando as costas, a dizerem : &#8211; Estou aqui !<br>Lembrar do enla\u00e7ar dos bra\u00e7os, envolventes e seguros, afirmando : &#8211; Estou com voc\u00ea !<br>Lembrar da transfus\u00e3o de for\u00e7a, ou at\u00e9 da suavidade do momento, sei l\u00e1.<br>Ent\u00e3o, pensei em como chamar esse abra\u00e7o: abra\u00e7o poesia, abra\u00e7o for\u00e7a, abra\u00e7o uni\u00e3o, abra\u00e7o<br>suavidade, abra\u00e7o consolo e compreens\u00e3o, abra\u00e7o seguran\u00e7a e justi\u00e7a, abra\u00e7o verdade, abra\u00e7o, cumplicidade ?<\/p>\n\n\n\n<p>Mas o que importa \u00e9 a magia desse abra\u00e7o, a fus\u00e3o de energias que harmoniza, integra o todo<br>e se traduz no cosmos, no tempo e no espa\u00e7o&#8230;<br>S\u00f3 sei que agora , deu vontade desse abra\u00e7o :<br>Um abra\u00e7o que desate os n\u00f3s, transformando-os em envolventes la\u00e7os &#8230;<br>Que sirva de &#8220;colo&#8221;, afastando toda e qualquer ang\u00fastia&#8230;<br>Que desperte a l\u00e1grima de alegria e acalme o cora\u00e7\u00e3o&#8230;<br>Um abra\u00e7o que traduza a amizade, o amor e a emo\u00e7\u00e3o.<br>E para um abra\u00e7o assim, s\u00f3 consegui pensar em voc\u00ea .<br>Nessa sua energia, nessa sua sensibilidade, que sabe entender o porque dessa minha vontade.<\/p>\n\n\n\n<p>Pois ent\u00e3o:<br>\u2014 D\u00e1 logo esse abra\u00e7o !!!<\/p>\n","protected":false},"excerpt":{"rendered":"<p>TrovadorPR De repente , deu vontade de um abra\u00e7o&#8230;Uma vontade de entrela\u00e7o, de proximidade &#8230; de amizade, sei l\u00e1 !Talvez um aconchego amigo e meigo, que enfatize a vida e amenize as dores &#8230; que fale sobreos amores, seja afetuoso e ao mesmo tempo forte &#8230;Deu vontade , de poder ter saudade de um abra\u00e7o.Um [&hellip;]<\/p>\n","protected":false},"author":1,"featured_media":0,"comment_status":"open","ping_status":"open","sticky":false,"template":"","format":"standard","meta":{"_uag_custom_page_level_css":"","footnotes":""},"categories":[4],"tags":[],"class_list":["post-982","post","type-post","status-publish","format-standard","hentry","category-historias","post-preview"],"uagb_featured_image_src":{"full":false,"thumbnail":false,"medium":false,"medium_large":false,"large":false,"1536x1536":false,"2048x2048":false,"post-image":false},"uagb_author_info":{"display_name":"Rubens","author_link":"https:\/\/contandohistorias.com.br\/?author=1"},"uagb_comment_info":0,"uagb_excerpt":"TrovadorPR De repente , deu vontade de um abra\u00e7o&#8230;Uma vontade de entrela\u00e7o, de proximidade &#8230; de amizade, sei l\u00e1 !Talvez um aconchego amigo e meigo, que enfatize a vida e amenize as dores &#8230; que fale sobreos amores, seja afetuoso e ao mesmo tempo forte &#8230;Deu vontade , de poder ter saudade de um abra\u00e7o.Um&hellip;","_links":{"self":[{"href":"https:\/\/contandohistorias.com.br\/index.php?rest_route=\/wp\/v2\/posts\/982","targetHints":{"allow":["GET"]}}],"collection":[{"href":"https:\/\/contandohistorias.com.br\/index.php?rest_route=\/wp\/v2\/posts"}],"about":[{"href":"https:\/\/contandohistorias.com.br\/index.php?rest_route=\/wp\/v2\/types\/post"}],"author":[{"embeddable":true,"href":"https:\/\/contandohistorias.com.br\/index.php?rest_route=\/wp\/v2\/users\/1"}],"replies":[{"embeddable":true,"href":"https:\/\/contandohistorias.com.br\/index.php?rest_route=%2Fwp%2Fv2%2Fcomments&post=982"}],"version-history":[{"count":1,"href":"https:\/\/contandohistorias.com.br\/index.php?rest_route=\/wp\/v2\/posts\/982\/revisions"}],"predecessor-version":[{"id":983,"href":"https:\/\/contandohistorias.com.br\/index.php?rest_route=\/wp\/v2\/posts\/982\/revisions\/983"}],"wp:attachment":[{"href":"https:\/\/contandohistorias.com.br\/index.php?rest_route=%2Fwp%2Fv2%2Fmedia&parent=982"}],"wp:term":[{"taxonomy":"category","embeddable":true,"href":"https:\/\/contandohistorias.com.br\/index.php?rest_route=%2Fwp%2Fv2%2Fcategories&post=982"},{"taxonomy":"post_tag","embeddable":true,"href":"https:\/\/contandohistorias.com.br\/index.php?rest_route=%2Fwp%2Fv2%2Ftags&post=982"}],"curies":[{"name":"wp","href":"https:\/\/api.w.org\/{rel}","templated":true}]}}